{"id":577,"date":"2022-05-22T18:22:49","date_gmt":"2022-05-22T18:22:49","guid":{"rendered":"https:\/\/verein.seifenkistenfreunde-nuernberg.de\/?p=577"},"modified":"2022-05-31T17:01:38","modified_gmt":"2022-05-31T17:01:38","slug":"13-seifenkistenrennen-nuernberg-2022","status":"publish","type":"post","link":"https:\/\/verein.seifenkistenfreunde-nuernberg.de\/index.php\/2022\/05\/22\/13-seifenkistenrennen-nuernberg-2022\/","title":{"rendered":"13. Seifenkistenrennen N\u00fcrnberg 2022"},"content":{"rendered":"\n<p class=\"has-text-align-center\"><strong>Liebe Seifenkistenfreunde<\/strong><\/p>\n\n\n\n<p class=\"has-text-align-center\"><strong>Am Sonntag, den 3. Juli 2022 findet wieder unser Seifenkistenrennen in der Tullnaustra\u00dfe statt.<\/strong><\/p>\n\n\n\n<p class=\"has-text-align-center\"><strong>Die <a href=\"https:\/\/verein.seifenkistenfreunde-nuernberg.de\/wp-content\/uploads\/2022\/05\/2022_Anmeldung.pdf\">Anmeldung<\/a>, <a href=\"https:\/\/verein.seifenkistenfreunde-nuernberg.de\/wp-content\/uploads\/2022\/05\/2022_Ausschreibung.pdf\">Ausschreibung<\/a>, der <a href=\"https:\/\/verein.seifenkistenfreunde-nuernberg.de\/wp-content\/uploads\/2022\/05\/Flyer_2022.pdf\">Flyer<\/a> und das <a href=\"https:\/\/verein.seifenkistenfreunde-nuernberg.de\/wp-content\/uploads\/2022\/05\/2022_Poster.pdf\">Poster<\/a> sind <a href=\"https:\/\/verein.seifenkistenfreunde-nuernberg.de\/index.php\/2019\/05\/27\/downloads\/\">hier<\/a> online.<\/strong><\/p>\n\n\n\n<p class=\"has-text-align-center\">Nach den Rennen 2020 und 2021 wird es hoffentlich ein \u201enormales\u201c werden, auf das wir uns so richtig freuen k\u00f6nnen.<\/p>\n\n\n\n<p class=\"has-text-align-center\">Es wird Getr\u00e4nke, Kaffee und Kuchen, Verpflegung und vielleicht noch mehr geben.<\/p>\n\n\n\n<p class=\"has-text-align-center\">Unsere gro\u00dfe Motivation ist es wieder, den Kindern und Ihren Familien &#8211; uns allen &#8211; eine sch\u00f6ne Veranstaltung\/ein sch\u00f6nes Rennen zu erm\u00f6glichen.<\/p>\n\n\n\n<p class=\"has-text-align-center\">An den Start gehen historische Seifenkisten &#8211; zur Erinnerung an die gro\u00dfe und lange N\u00fcrnberger Seifenkisten Tradition,<br>mit viel Fantasie gestaltete freie Seifenkisten und Open-\/Junior-\/Senior-\/Elite XL Seifenkisten,<br>gebaut nach den heutigen Regeln des DSKD (Deutsches Seifenkisten Derby e.V.).<\/p>\n\n\n\n<p class=\"has-text-align-center\">Kinder im Alter von ca. 6 bis 18\/21 Jahren werden um den 13. N\u00fcrnberger Seifenkisten-Ged\u00e4chtnispokal,<br>um die ersten Pl\u00e4tze in der N\u00fcrnberger Stadtmeisterschaft 2022 und in Wertungsl\u00e4ufen zur Bayerischen Meisterschaft 2022 die Tullnaustra\u00dfe hinab sausen.<\/p>\n\n\n\n<p class=\"has-text-align-center\">Wir danken unserem Oberb\u00fcrgermeister, Herrn Marcus K\u00f6nig, f\u00fcr die abermalige Schirmherrschaft.<br><br><strong>Wir w\u00fcnschen allen, aber vor allem den tollk\u00fchnen Pilotinnen und Piloten in ihren sausenden Kisten<br>ein gro\u00dfartiges Erlebnis, ganz viel Spa\u00df und gutes Wetter!<\/strong><\/p>\n","protected":false},"excerpt":{"rendered":"<p>Liebe Seifenkistenfreunde Am Sonntag, den 3. Juli 2022 findet wieder unser Seifenkistenrennen in der Tullnaustra\u00dfe statt. Die Anmeldung, Ausschreibung, der Flyer und das Poster sind hier online. Nach den Rennen 2020 und 2021 wird es hoffentlich ein \u201enormales\u201c werden, auf das wir uns so richtig freuen k\u00f6nnen. Es wird Getr\u00e4nke, Kaffee und Kuchen, Verpflegung und [&hellip;]<\/p>\n","protected":false},"author":4,"featured_media":0,"comment_status":"closed","ping_status":"open","sticky":true,"template":"","format":"standard","meta":[],"categories":[2],"tags":[],"jetpack_featured_media_url":"","_links":{"self":[{"href":"https:\/\/verein.seifenkistenfreunde-nuernberg.de\/index.php\/wp-json\/wp\/v2\/posts\/577"}],"collection":[{"href":"https:\/\/verein.seifenkistenfreunde-nuernberg.de\/index.php\/wp-json\/wp\/v2\/posts"}],"about":[{"href":"https:\/\/verein.seifenkistenfreunde-nuernberg.de\/index.php\/wp-json\/wp\/v2\/types\/post"}],"author":[{"embeddable":true,"href":"https:\/\/verein.seifenkistenfreunde-nuernberg.de\/index.php\/wp-json\/wp\/v2\/users\/4"}],"replies":[{"embeddable":true,"href":"https:\/\/verein.seifenkistenfreunde-nuernberg.de\/index.php\/wp-json\/wp\/v2\/comments?post=577"}],"version-history":[{"count":5,"href":"https:\/\/verein.seifenkistenfreunde-nuernberg.de\/index.php\/wp-json\/wp\/v2\/posts\/577\/revisions"}],"predecessor-version":[{"id":596,"href":"https:\/\/verein.seifenkistenfreunde-nuernberg.de\/index.php\/wp-json\/wp\/v2\/posts\/577\/revisions\/596"}],"wp:attachment":[{"href":"https:\/\/verein.seifenkistenfreunde-nuernberg.de\/index.php\/wp-json\/wp\/v2\/media?parent=577"}],"wp:term":[{"taxonomy":"category","embeddable":true,"href":"https:\/\/verein.seifenkistenfreunde-nuernberg.de\/index.php\/wp-json\/wp\/v2\/categories?post=577"},{"taxonomy":"post_tag","embeddable":true,"href":"https:\/\/verein.seifenkistenfreunde-nuernberg.de\/index.php\/wp-json\/wp\/v2\/tags?post=577"}],"curies":[{"name":"wp","href":"https:\/\/api.w.org\/{rel}","templated":true}]}}