{"id":555,"date":"2021-07-22T19:07:26","date_gmt":"2021-07-22T19:07:26","guid":{"rendered":"https:\/\/verein.seifenkistenfreunde-nuernberg.de\/?p=555"},"modified":"2022-07-11T17:37:03","modified_gmt":"2022-07-11T17:37:03","slug":"ergebnislisten-2021-sind-da","status":"publish","type":"post","link":"https:\/\/verein.seifenkistenfreunde-nuernberg.de\/index.php\/2021\/07\/22\/ergebnislisten-2021-sind-da\/","title":{"rendered":"Ergebnislisten 2021 sind da"},"content":{"rendered":"\n<p class=\"has-text-align-center\"><strong>Liebe Seifenkistenfreunde<\/strong><\/p>\n\n\n\n<p class=\"has-text-align-center\"><strong>die Ergebnislisten vom Rennen am Sonntag sind <a href=\"https:\/\/verein.seifenkistenfreunde-nuernberg.de\/index.php\/2021\/07\/22\/ergebnislisten-2021\/\">hier<\/a> online.<\/strong><\/p>\n\n\n\n<p class=\"has-text-align-center\"><strong>Welch ein\nErlebnis \u2013 wir hatten gestern unser 12. Seifenkistenrennen in N\u00fcrnberg!<br>\nBei herrlichem Wetter &#8211; trotz Corona.<br>\nEine wunderbare Atmosph\u00e4re den ganzen Tag \u00fcber \u2013 ein einziges gro\u00dfes\nMiteinander! <br>\nBei dem sch\u00f6nen Wetter am Sonntag wollen wir an all die denken, <br>\ndie das Gegenteil davon gerade schwer getroffen hat!<\/strong><\/p>\n\n\n\n<p class=\"has-text-align-center\"><strong>Kinder, Eltern, Zuschauer und alle Seifenkistenfreunde sind gl\u00fccklich.<\/strong><\/p>\n\n\n\n<p class=\"has-text-align-center\"><strong>Einen ganz ganz herzlichen Dank an alle Mitwirkenden \u2013 ob klein ob gro\u00df, <br>sowie allen, die dabei geholfen haben dieses gro\u00dfartige Rennen zu erm\u00f6glichen.<\/strong><\/p>\n","protected":false},"excerpt":{"rendered":"<p>Liebe Seifenkistenfreunde die Ergebnislisten vom Rennen am Sonntag sind hier online. Welch ein Erlebnis \u2013 wir hatten gestern unser 12. Seifenkistenrennen in N\u00fcrnberg! Bei herrlichem Wetter &#8211; trotz Corona. Eine wunderbare Atmosph\u00e4re den ganzen Tag \u00fcber \u2013 ein einziges gro\u00dfes Miteinander! Bei dem sch\u00f6nen Wetter am Sonntag wollen wir an all die denken, die das [&hellip;]<\/p>\n","protected":false},"author":4,"featured_media":0,"comment_status":"closed","ping_status":"open","sticky":true,"template":"","format":"standard","meta":[],"categories":[2],"tags":[],"jetpack_featured_media_url":"","_links":{"self":[{"href":"https:\/\/verein.seifenkistenfreunde-nuernberg.de\/index.php\/wp-json\/wp\/v2\/posts\/555"}],"collection":[{"href":"https:\/\/verein.seifenkistenfreunde-nuernberg.de\/index.php\/wp-json\/wp\/v2\/posts"}],"about":[{"href":"https:\/\/verein.seifenkistenfreunde-nuernberg.de\/index.php\/wp-json\/wp\/v2\/types\/post"}],"author":[{"embeddable":true,"href":"https:\/\/verein.seifenkistenfreunde-nuernberg.de\/index.php\/wp-json\/wp\/v2\/users\/4"}],"replies":[{"embeddable":true,"href":"https:\/\/verein.seifenkistenfreunde-nuernberg.de\/index.php\/wp-json\/wp\/v2\/comments?post=555"}],"version-history":[{"count":5,"href":"https:\/\/verein.seifenkistenfreunde-nuernberg.de\/index.php\/wp-json\/wp\/v2\/posts\/555\/revisions"}],"predecessor-version":[{"id":600,"href":"https:\/\/verein.seifenkistenfreunde-nuernberg.de\/index.php\/wp-json\/wp\/v2\/posts\/555\/revisions\/600"}],"wp:attachment":[{"href":"https:\/\/verein.seifenkistenfreunde-nuernberg.de\/index.php\/wp-json\/wp\/v2\/media?parent=555"}],"wp:term":[{"taxonomy":"category","embeddable":true,"href":"https:\/\/verein.seifenkistenfreunde-nuernberg.de\/index.php\/wp-json\/wp\/v2\/categories?post=555"},{"taxonomy":"post_tag","embeddable":true,"href":"https:\/\/verein.seifenkistenfreunde-nuernberg.de\/index.php\/wp-json\/wp\/v2\/tags?post=555"}],"curies":[{"name":"wp","href":"https:\/\/api.w.org\/{rel}","templated":true}]}}