{"id":547,"date":"2021-06-28T18:57:28","date_gmt":"2021-06-28T18:57:28","guid":{"rendered":"https:\/\/verein.seifenkistenfreunde-nuernberg.de\/?p=547"},"modified":"2021-07-22T19:36:09","modified_gmt":"2021-07-22T19:36:09","slug":"12-seifenkistenrennen-nuernberg-2021","status":"publish","type":"post","link":"https:\/\/verein.seifenkistenfreunde-nuernberg.de\/index.php\/2021\/06\/28\/12-seifenkistenrennen-nuernberg-2021\/","title":{"rendered":"12. Seifenkistenrennen N\u00fcrnberg 2021"},"content":{"rendered":"\n<p style=\"text-align:center\"><strong>Liebe Seifenkistenfreunde<\/strong><\/p>\n\n\n\n<p style=\"text-align:center\"><strong>Am Sonntag, den 18. Juli 2021 findet wieder unser Seifenkistenrennen in der Tullnaustra\u00dfe statt.<\/strong><\/p>\n\n\n\n<p style=\"text-align:center\"> <strong>Der <a href=\"https:\/\/verein.seifenkistenfreunde-nuernberg.de\/wp-content\/uploads\/2021\/06\/Flyer_2021.pdf\">Flyer<\/a> und das <a href=\"https:\/\/verein.seifenkistenfreunde-nuernberg.de\/wp-content\/uploads\/2021\/06\/Poster_2021.pdf\">Poster<\/a> sind <a href=\"https:\/\/verein.seifenkistenfreunde-nuernberg.de\/index.php\/2019\/05\/27\/downloads\/\">hier<\/a><\/strong> <strong>online.<\/strong> <\/p>\n\n\n\n<p style=\"text-align:center\">Der herzliche Wunsch aller Kinder doch bitte bitte wieder ein Seifenkistenrennen zu veranstalten war uns auch 2021 Motivation, es zu versuchen.<\/p>\n\n\n\n<p style=\"text-align:center\">Ein herzlicher Dank im Namen aller Kinder gilt allen\nst\u00e4dtischen Stellen f\u00fcr ihre Hilfe<br>\nund den vielen Freudinnen und Freunden, die so etwas m\u00f6glich machen!<\/p>\n\n\n\n<p style=\"text-align:center\">Urspr\u00fcnglich am 20. Juni geplant, mussten wir es verschieben. <br>\nBasierend auf unserem Hygienekonzept wurde das Rennen nun genehmigt<br>\nund zur Freude aller Kinder und deren Eltern kann es am 18. Juli 2021\nstattfinden!<\/p>\n\n\n\n<p style=\"text-align:center\">Unser Schirmherr, Herr Oberb\u00fcrgermeister Marcus K\u00f6nig, wird das Rennen um 11 Uhr er\u00f6ffnen.<\/p>\n\n\n\n<p style=\"text-align:center\"> Corona zwingt uns wie 2020 zu einigen \u00c4nderungen:<br> U.a. mussten wir das Feld der Teilnehmerinnen und Teilnehmer erneut begrenzen, es gibt wieder keinen Kaffee und Kuchen und keine Tombola.<br> Unter strenger Einhaltung der Abstandsregel von 1,50\/2m, gekennzeichneten Aufenthaltsbereichen und der Laufwege, d\u00fcrfen nur maximal 100 Zuschauer gleichzeitig anwesend sein.<br> \u00dcber das ganze Renngel\u00e4nde verteilt finden Sie Hinweisschilder und weitere Informationen.<\/p>\n\n\n\n<p style=\"text-align:center\"><strong>Auch wenn das Seifenkistenrennen heuer wieder etwas anders ablaufen wird, w\u00fcnschen wir allen, aber vor allem den tollk\u00fchnen Pilotinnen und Piloten in ihren fahrenden Kisten ein gro\u00dfartiges Erlebnis, ganz viel Spa\u00df und gutes Wetter!<\/strong> <\/p>\n\n\n\n<p style=\"text-align:center\">Der Schutz aller Zuschauer und\nMitwirkenden ist uns sehr wichtig.<br>\nMit Sorgfalt in allen Bereichen des Seifenkistenrennens wollen wir sowohl\nunserer Mitverantwortung f\u00fcr die Eind\u00e4mmung des Coronavirus gerecht werden als\nauch dem in uns gesetzten Vertrauen, eine solche Veranstaltung in solchen\nZeiten durchf\u00fchren zu k\u00f6nnen.\n\nBitte unterst\u00fctzen Sie uns\ndabei und halten Sie die Verhaltensregeln konsequent ein. <br>\nMit unserer aller Umsicht sch\u00fctzen wir uns selbst, alle Rennbeteiligten und\nZuschauer und dar\u00fcber hinaus all jene, mit denen wir danach in Ber\u00fchrung kommen\nwerden!<br><br>\nVielen Dank f\u00fcr Ihre Unterst\u00fctzung! Diese Rennen werden wir so schnell nicht\nvergessen.\n\n\n\n<\/p>\n","protected":false},"excerpt":{"rendered":"<p>Liebe Seifenkistenfreunde Am Sonntag, den 18. Juli 2021 findet wieder unser Seifenkistenrennen in der Tullnaustra\u00dfe statt. Der Flyer und das Poster sind hier online. Der herzliche Wunsch aller Kinder doch bitte bitte wieder ein Seifenkistenrennen zu veranstalten war uns auch 2021 Motivation, es zu versuchen. Ein herzlicher Dank im Namen aller Kinder gilt allen st\u00e4dtischen [&hellip;]<\/p>\n","protected":false},"author":4,"featured_media":0,"comment_status":"closed","ping_status":"open","sticky":true,"template":"","format":"standard","meta":[],"categories":[2],"tags":[],"jetpack_featured_media_url":"","_links":{"self":[{"href":"https:\/\/verein.seifenkistenfreunde-nuernberg.de\/index.php\/wp-json\/wp\/v2\/posts\/547"}],"collection":[{"href":"https:\/\/verein.seifenkistenfreunde-nuernberg.de\/index.php\/wp-json\/wp\/v2\/posts"}],"about":[{"href":"https:\/\/verein.seifenkistenfreunde-nuernberg.de\/index.php\/wp-json\/wp\/v2\/types\/post"}],"author":[{"embeddable":true,"href":"https:\/\/verein.seifenkistenfreunde-nuernberg.de\/index.php\/wp-json\/wp\/v2\/users\/4"}],"replies":[{"embeddable":true,"href":"https:\/\/verein.seifenkistenfreunde-nuernberg.de\/index.php\/wp-json\/wp\/v2\/comments?post=547"}],"version-history":[{"count":3,"href":"https:\/\/verein.seifenkistenfreunde-nuernberg.de\/index.php\/wp-json\/wp\/v2\/posts\/547\/revisions"}],"predecessor-version":[{"id":554,"href":"https:\/\/verein.seifenkistenfreunde-nuernberg.de\/index.php\/wp-json\/wp\/v2\/posts\/547\/revisions\/554"}],"wp:attachment":[{"href":"https:\/\/verein.seifenkistenfreunde-nuernberg.de\/index.php\/wp-json\/wp\/v2\/media?parent=547"}],"wp:term":[{"taxonomy":"category","embeddable":true,"href":"https:\/\/verein.seifenkistenfreunde-nuernberg.de\/index.php\/wp-json\/wp\/v2\/categories?post=547"},{"taxonomy":"post_tag","embeddable":true,"href":"https:\/\/verein.seifenkistenfreunde-nuernberg.de\/index.php\/wp-json\/wp\/v2\/tags?post=547"}],"curies":[{"name":"wp","href":"https:\/\/api.w.org\/{rel}","templated":true}]}}