{"id":509,"date":"2020-09-21T16:34:09","date_gmt":"2020-09-21T16:34:09","guid":{"rendered":"https:\/\/verein.seifenkistenfreunde-nuernberg.de\/?p=509"},"modified":"2020-10-01T19:10:27","modified_gmt":"2020-10-01T19:10:27","slug":"11-seifenkistenrennen-nuernberg-2020","status":"publish","type":"post","link":"https:\/\/verein.seifenkistenfreunde-nuernberg.de\/index.php\/2020\/09\/21\/11-seifenkistenrennen-nuernberg-2020\/","title":{"rendered":"11. Seifenkistenrennen N\u00fcrnberg 2020"},"content":{"rendered":"\n<p><strong>Liebe Seifenkistenfreunde<\/strong><\/p>\n\n\n\n<p><strong>Am Sonntag, den 27. September 2020 findet wieder unser\nSeifenkistenrennen in der Tullnaustra\u00dfe statt.<\/strong><\/p>\n\n\n\n<p><strong>Der <a href=\"https:\/\/verein.seifenkistenfreunde-nuernberg.de\/wp-content\/uploads\/2020\/09\/Flyer_2020.pdf\">Flyer<\/a> und das <a href=\"https:\/\/verein.seifenkistenfreunde-nuernberg.de\/wp-content\/uploads\/2020\/09\/Poster_2020.pdf\">Poster<\/a> sind <a href=\"https:\/\/verein.seifenkistenfreunde-nuernberg.de\/index.php\/2019\/05\/27\/downloads\/\">hier<\/a><\/strong> <strong>online.<\/strong><\/p>\n\n\n\n<p>Urspr\u00fcnglich am 28. Juni 2020 geplant mussten wir\nunser Seifenkistenrennen Corona bedingt absagen.<br>\nDer sehr sehr gro\u00dfe Wunsch aller Kinder hat uns jedoch motiviert eine\nVerschiebung zu versuchen.<br>\nBasierend auf unserem Hygienekonzept wurde das Rennen nun genehmigt<br>\nund zur Freude aller Kinder und deren Eltern kann es nun am 27. September 2020\nstattfinden!<\/p>\n\n\n\n<p>Die Schirmherrschaft hat Herr Oberb\u00fcrgermeister Marcus\nK\u00f6nig \u00fcbernommen, der das Rennen um 11 Uhr er\u00f6ffnen wird.<\/p>\n\n\n\n<p>Corona zwingt uns zu einigen \u00c4nderungen:<br>\nU.a. mussten wir das Feld der Teilnehmerinnen und Teilnehmer begrenzen, es gibt\nkeinen Kaffee und Kuchen und keine Tombola.<br>\nUnter strenger Einhaltung der Abstandsregel von 1,50m und der Laufwege, d\u00fcrfen\nnur maximal 200 Zuschauer gleichzeitig anwesend sein.<\/p>\n\n\n\n<p><strong>Auch wenn das Seifenkistenrennen heuer etwas anders\nablaufen wird, w\u00fcnschen wir allen, aber vor allem den tollk\u00fchnen Pilotinnen und\nPiloten in ihren fahrenden Kisten gutes Wetter, ein gro\u00dfartiges Erlebnis und\nganz viel Spa\u00df.<\/strong><\/p>\n\n\n\n<p>Der Schutz aller Zuschauer und Mitwirkenden ist uns sehr\nwichtig.<br>\nMit Sorgfalt in allen Bereichen des Seifenkistenrennens werden wir sowohl\nunserer Mitverantwortung f\u00fcr die Eind\u00e4mmung des Coronavirus gerecht als auch\ndem in uns gesetzten Vertrauen, eine solche Veranstaltung in solchen Zeiten\ndurchf\u00fchren zu k\u00f6nnen.<\/p>\n\n\n\n<p>Bitte unterst\u00fctzen Sie uns dabei und halten Sie die Verhaltensregeln konsequent ein. <br> Mit unserer aller Umsicht sch\u00fctzen wir uns selbst, alle Rennbeteiligten und Zuschauer und dar\u00fcber hinaus all jene, mit denen wir danach in Ber\u00fchrung kommen werden!<br> <br> Vielen Dank f\u00fcr Ihre Unterst\u00fctzung! Dieses Rennen werden wir so schnell nicht vergessen.<\/p>\n","protected":false},"excerpt":{"rendered":"<p>Liebe Seifenkistenfreunde Am Sonntag, den 27. September 2020 findet wieder unser Seifenkistenrennen in der Tullnaustra\u00dfe statt. Der Flyer und das Poster sind hier online. Urspr\u00fcnglich am 28. Juni 2020 geplant mussten wir unser Seifenkistenrennen Corona bedingt absagen. Der sehr sehr gro\u00dfe Wunsch aller Kinder hat uns jedoch motiviert eine Verschiebung zu versuchen. Basierend auf unserem [&hellip;]<\/p>\n","protected":false},"author":4,"featured_media":0,"comment_status":"closed","ping_status":"open","sticky":true,"template":"","format":"standard","meta":[],"categories":[2],"tags":[],"jetpack_featured_media_url":"","_links":{"self":[{"href":"https:\/\/verein.seifenkistenfreunde-nuernberg.de\/index.php\/wp-json\/wp\/v2\/posts\/509"}],"collection":[{"href":"https:\/\/verein.seifenkistenfreunde-nuernberg.de\/index.php\/wp-json\/wp\/v2\/posts"}],"about":[{"href":"https:\/\/verein.seifenkistenfreunde-nuernberg.de\/index.php\/wp-json\/wp\/v2\/types\/post"}],"author":[{"embeddable":true,"href":"https:\/\/verein.seifenkistenfreunde-nuernberg.de\/index.php\/wp-json\/wp\/v2\/users\/4"}],"replies":[{"embeddable":true,"href":"https:\/\/verein.seifenkistenfreunde-nuernberg.de\/index.php\/wp-json\/wp\/v2\/comments?post=509"}],"version-history":[{"count":4,"href":"https:\/\/verein.seifenkistenfreunde-nuernberg.de\/index.php\/wp-json\/wp\/v2\/posts\/509\/revisions"}],"predecessor-version":[{"id":517,"href":"https:\/\/verein.seifenkistenfreunde-nuernberg.de\/index.php\/wp-json\/wp\/v2\/posts\/509\/revisions\/517"}],"wp:attachment":[{"href":"https:\/\/verein.seifenkistenfreunde-nuernberg.de\/index.php\/wp-json\/wp\/v2\/media?parent=509"}],"wp:term":[{"taxonomy":"category","embeddable":true,"href":"https:\/\/verein.seifenkistenfreunde-nuernberg.de\/index.php\/wp-json\/wp\/v2\/categories?post=509"},{"taxonomy":"post_tag","embeddable":true,"href":"https:\/\/verein.seifenkistenfreunde-nuernberg.de\/index.php\/wp-json\/wp\/v2\/tags?post=509"}],"curies":[{"name":"wp","href":"https:\/\/api.w.org\/{rel}","templated":true}]}}