{"id":30,"date":"2019-05-27T20:52:09","date_gmt":"2019-05-27T20:52:09","guid":{"rendered":"https:\/\/verein.seifenkistenfreunde-nuernberg.de\/?p=30"},"modified":"2019-07-05T06:23:06","modified_gmt":"2019-07-05T06:23:06","slug":"10-seifenkistenrennen-nuernberg-2019","status":"publish","type":"post","link":"https:\/\/verein.seifenkistenfreunde-nuernberg.de\/index.php\/2019\/05\/27\/10-seifenkistenrennen-nuernberg-2019\/","title":{"rendered":"10. Seifenkistenrennen N\u00fcrnberg 2019"},"content":{"rendered":"\n<p><strong>Liebe Seifenkistenfreunde<\/strong><\/p>\n\n\n\n<p><strong>Am Sonntag, den 30. Juni 2019 findet wieder unser Seifenkistenrennen in der Tullnaustra\u00dfe statt.<\/strong><\/p>\n\n\n\n<p><strong>Die <a href=\"https:\/\/verein.seifenkistenfreunde-nuernberg.de\/wp-content\/uploads\/2019\/05\/2019_Anmeldung.pdf\">Anmeldung<\/a>, <a href=\"https:\/\/verein.seifenkistenfreunde-nuernberg.de\/wp-content\/uploads\/2019\/05\/2019_Ausschreibung.pdf\">Ausschreibung<\/a>, der <a href=\"https:\/\/verein.seifenkistenfreunde-nuernberg.de\/wp-content\/uploads\/2019\/05\/2019_Flyer.pdf\">Flyer<\/a> und das <a href=\"https:\/\/verein.seifenkistenfreunde-nuernberg.de\/wp-content\/uploads\/2019\/05\/2019_Poster.pdf\">Poster<\/a> sind <a href=\"https:\/\/verein.seifenkistenfreunde-nuernberg.de\/index.php\/2019\/05\/27\/downloads\/\">hier<\/a> online.<\/strong><\/p>\n\n\n\n<p>Klein aber fein hat es am 24. Oktober 2009 in der Leitzstra\u00dfe in W\u00f6hrd mit unserem 1. Seifenkistenrennen begonnen.<br>Und jetzt, jetzt k\u00f6nnen wir am 30. Juni in der Tullnaustra\u00dfe unser <strong>10tes<\/strong> feiern. <br>Ein kleines Wunder.<br>Jedes Jahr wurden und werden mit und in Familien, Schulen und Kinder- und Jugendeinrichtungen neue Seifenkisten gebaut,<br>voller Fantasie oder nach den Regeln des DSKD&nbsp; e.V.<br><br>Der Wunsch etwas f\u00fcr Kinder und ihre Familien zu tun, quer durch alle Kulturen, hat uns \u00fcber all die Jahre getragen.<br>Und wir haben durch Eure Freude und Eure strahlenden Augen viel geschenkt bekommen.<br><br>Wir bedanken uns sehr herzlich bei allen Freundinnen und Freunden, <br>bei allen Helferinnen und Helfern, die dies alles erst m\u00f6glich gemacht haben und machen, <br>und nat\u00fcrlich bei allen Kindern und ihren Familien f\u00fcr diese sch\u00f6ne Zeit.<\/p>\n\n\n\n<p>An\n den Start gehen historische Seifenkisten &#8211; zur Erinnerung an die gro\u00dfe \nund lange N\u00fcrnberger Seifenkisten Tradition, mit viel Fantasie \ngestaltete freie Seifenkisten und Junior-\/Senior-\/Elite XL Seifenkisten,\n gebaut nach den heutigen Regeln des DSKD (Deutsches Seifenkisten Derby \ne.V.).<\/p>\n\n\n\n<p>Kinder im Alter von ca. 6 bis ca. 18 Jahren werden um den <strong><code>10.<\/code><\/strong> N\u00fcrnberger Seifenkisten-Ged\u00e4chtnispokal, um die ersten Pl\u00e4tze in der  N\u00fcrnberger Stadtmeisterschaft 2019 und in Wertungsl\u00e4ufen zur Bayerischen  Meisterschaft 2019 die Tullnaustra\u00dfe hinab sausen.<\/p>\n","protected":false},"excerpt":{"rendered":"<p>Liebe Seifenkistenfreunde Am Sonntag, den 30. Juni 2019 findet wieder unser Seifenkistenrennen in der Tullnaustra\u00dfe statt. Die Anmeldung, Ausschreibung, der Flyer und das Poster sind hier online. Klein aber fein hat es am 24. Oktober 2009 in der Leitzstra\u00dfe in W\u00f6hrd mit unserem 1. Seifenkistenrennen begonnen.Und jetzt, jetzt k\u00f6nnen wir am 30. Juni in der [&hellip;]<\/p>\n","protected":false},"author":1,"featured_media":0,"comment_status":"closed","ping_status":"open","sticky":true,"template":"","format":"standard","meta":[],"categories":[2],"tags":[],"jetpack_featured_media_url":"","_links":{"self":[{"href":"https:\/\/verein.seifenkistenfreunde-nuernberg.de\/index.php\/wp-json\/wp\/v2\/posts\/30"}],"collection":[{"href":"https:\/\/verein.seifenkistenfreunde-nuernberg.de\/index.php\/wp-json\/wp\/v2\/posts"}],"about":[{"href":"https:\/\/verein.seifenkistenfreunde-nuernberg.de\/index.php\/wp-json\/wp\/v2\/types\/post"}],"author":[{"embeddable":true,"href":"https:\/\/verein.seifenkistenfreunde-nuernberg.de\/index.php\/wp-json\/wp\/v2\/users\/1"}],"replies":[{"embeddable":true,"href":"https:\/\/verein.seifenkistenfreunde-nuernberg.de\/index.php\/wp-json\/wp\/v2\/comments?post=30"}],"version-history":[{"count":5,"href":"https:\/\/verein.seifenkistenfreunde-nuernberg.de\/index.php\/wp-json\/wp\/v2\/posts\/30\/revisions"}],"predecessor-version":[{"id":514,"href":"https:\/\/verein.seifenkistenfreunde-nuernberg.de\/index.php\/wp-json\/wp\/v2\/posts\/30\/revisions\/514"}],"wp:attachment":[{"href":"https:\/\/verein.seifenkistenfreunde-nuernberg.de\/index.php\/wp-json\/wp\/v2\/media?parent=30"}],"wp:term":[{"taxonomy":"category","embeddable":true,"href":"https:\/\/verein.seifenkistenfreunde-nuernberg.de\/index.php\/wp-json\/wp\/v2\/categories?post=30"},{"taxonomy":"post_tag","embeddable":true,"href":"https:\/\/verein.seifenkistenfreunde-nuernberg.de\/index.php\/wp-json\/wp\/v2\/tags?post=30"}],"curies":[{"name":"wp","href":"https:\/\/api.w.org\/{rel}","templated":true}]}}